{"id":1891,"date":"2024-07-05T20:24:54","date_gmt":"2024-07-05T20:24:54","guid":{"rendered":"https:\/\/xadrezasburgas.net\/?p=1891"},"modified":"2024-07-07T16:29:33","modified_gmt":"2024-07-07T16:29:33","slug":"anna-soares-no-campeonato-de-espana-sub-08","status":"publish","type":"post","link":"https:\/\/xadrezasburgas.net\/index.php\/2024\/07\/05\/anna-soares-no-campeonato-de-espana-sub-08\/","title":{"rendered":"Anna Soares no Campeonato de Espa\u00f1a Sub 08"},"content":{"rendered":"\n<p>Anna Soares Barreiro, xove valor do Club participou no Campeonato de Espa\u00f1a sub 08, celebrado en Salobre\u00f1a do 23 ao 30 de junio 2024. Cabe salientar que na s\u00faa corta idade e corta traxectoria deportiva xa foi campi\u00f3n provincial sub 08 e sub 10, o que lle permitiu ir aos campionatos auton\u00f3micos destas categor\u00edas cos gastos pagados. No campionato auton\u00f3mico da s\u00faa categor\u00eda sub 08 acadou o Subcampionato por detr\u00e1s de Fernando Carregal.<\/p>\n\n\n\n<p><a href=\"https:\/\/www.lavozdegalicia.es\/noticia\/ourense\/2024\/06\/23\/anna-soares-promesa-8-anos-ajedrez-ourensano\/0003_202406O23C9992.htm\">https:\/\/www.lavozdegalicia.es\/noticia\/ourense\/2024\/06\/23\/anna-soares-promesa-8-anos-ajedrez-ourensano\/0003_202406O23C9992.htm<\/a><\/p>\n\n\n<div class=\"wp-block-image\">\n<figure class=\"aligncenter size-large is-resized\"><img decoding=\"async\" loading=\"lazy\" width=\"1024\" height=\"771\" src=\"https:\/\/xadrezasburgas.net\/wp-content\/uploads\/2024\/07\/WhatsApp-Image-2024-06-23-at-21.33.47-1-1024x771.jpeg\" alt=\"\" class=\"wp-image-1893\" style=\"aspect-ratio:1.3281452658884565;width:414px;height:auto\" srcset=\"https:\/\/xadrezasburgas.net\/wp-content\/uploads\/2024\/07\/WhatsApp-Image-2024-06-23-at-21.33.47-1-1024x771.jpeg 1024w, https:\/\/xadrezasburgas.net\/wp-content\/uploads\/2024\/07\/WhatsApp-Image-2024-06-23-at-21.33.47-1-300x226.jpeg 300w, https:\/\/xadrezasburgas.net\/wp-content\/uploads\/2024\/07\/WhatsApp-Image-2024-06-23-at-21.33.47-1-768x578.jpeg 768w, https:\/\/xadrezasburgas.net\/wp-content\/uploads\/2024\/07\/WhatsApp-Image-2024-06-23-at-21.33.47-1-1536x1156.jpeg 1536w, https:\/\/xadrezasburgas.net\/wp-content\/uploads\/2024\/07\/WhatsApp-Image-2024-06-23-at-21.33.47-1.jpeg 1600w\" sizes=\"(max-width: 1024px) 100vw, 1024px\" \/><\/figure><\/div>\n\n\n<p>No campionato de Espa\u00f1a, unha primeria experiencia para ela, acada 3,5 puntos de 9, sendo 74 de 100 particpantes. Un resultado m\u00e1is que aceptable tendo en conta a s\u00faa primeira experiencia. Voltou de seguro cun mont\u00f3n de boas experiencias que lle van permitir madurar persoalmente ao mesmo tempo que xadrec\u00edsticamente. Das derrotas apr\u00e9ndese, moito m\u00e1is que das vitorias (como dixo Capablanca) ou un campi\u00f3n conv\u00e9rtese en campi\u00f3n porque sabe xestionar a derrota (como dir\u00eda Federer).<\/p>\n\n\n\n<p>Merecido descanso agora para Anna, que de seguro vai disfrutar do vran con tantas experiencias positivas na s\u00faa maleta! un aplauso tam\u00e9n para a s\u00faa familia que soubo acompa\u00f1ala para facer realidade seu so\u00f1o! s\u00f3 \u00e9 un primeiro paso do cami\u00f1o nun deporte que sen d\u00fabida lle aportar\u00e1 moito!<\/p>\n\n\n\n<p><a href=\"https:\/\/info64.org\/campeonato-de-espana-sub-08-2024\">https:\/\/info64.org\/campeonato-de-espana-sub-08-2024<\/a><\/p>\n","protected":false},"excerpt":{"rendered":"<p>Anna Soares Barreiro, xove valor do Club participou no Campeonato de Espa\u00f1a sub 08, celebrado en Salobre\u00f1a do 23 ao 30 de junio 2024. Cabe salientar que na s\u00faa corta idade e corta traxectoria deportiva xa foi campi\u00f3n provincial sub 08 e sub 10, o que lle permitiu ir aos campionatos auton\u00f3micos destas categor\u00edas cos [&hellip;]<\/p>\n","protected":false},"author":1,"featured_media":1892,"comment_status":"closed","ping_status":"closed","sticky":true,"template":"","format":"standard","meta":{"footnotes":""},"categories":[20],"tags":[18,19],"_links":{"self":[{"href":"https:\/\/xadrezasburgas.net\/index.php\/wp-json\/wp\/v2\/posts\/1891"}],"collection":[{"href":"https:\/\/xadrezasburgas.net\/index.php\/wp-json\/wp\/v2\/posts"}],"about":[{"href":"https:\/\/xadrezasburgas.net\/index.php\/wp-json\/wp\/v2\/types\/post"}],"author":[{"embeddable":true,"href":"https:\/\/xadrezasburgas.net\/index.php\/wp-json\/wp\/v2\/users\/1"}],"replies":[{"embeddable":true,"href":"https:\/\/xadrezasburgas.net\/index.php\/wp-json\/wp\/v2\/comments?post=1891"}],"version-history":[{"count":4,"href":"https:\/\/xadrezasburgas.net\/index.php\/wp-json\/wp\/v2\/posts\/1891\/revisions"}],"predecessor-version":[{"id":1900,"href":"https:\/\/xadrezasburgas.net\/index.php\/wp-json\/wp\/v2\/posts\/1891\/revisions\/1900"}],"wp:featuredmedia":[{"embeddable":true,"href":"https:\/\/xadrezasburgas.net\/index.php\/wp-json\/wp\/v2\/media\/1892"}],"wp:attachment":[{"href":"https:\/\/xadrezasburgas.net\/index.php\/wp-json\/wp\/v2\/media?parent=1891"}],"wp:term":[{"taxonomy":"category","embeddable":true,"href":"https:\/\/xadrezasburgas.net\/index.php\/wp-json\/wp\/v2\/categories?post=1891"},{"taxonomy":"post_tag","embeddable":true,"href":"https:\/\/xadrezasburgas.net\/index.php\/wp-json\/wp\/v2\/tags?post=1891"}],"curies":[{"name":"wp","href":"https:\/\/api.w.org\/{rel}","templated":true}]}}